{"id":103578,"date":"2024-02-21T17:43:46","date_gmt":"2024-02-21T22:43:46","guid":{"rendered":"https:\/\/www.robertssmartcentre.com\/?p=103578"},"modified":"2024-02-21T17:55:59","modified_gmt":"2024-02-21T22:55:59","slug":"creer-un-veritable-changement-pour-la-sante-mentale-lors-de-la-journee-bellcause","status":"publish","type":"post","link":"https:\/\/www.robertssmartcentre.com\/fr\/creer-un-veritable-changement-pour-la-sante-mentale-lors-de-la-journee-bellcause\/","title":{"rendered":"Cr\u00e9er un v\u00e9ritable changement pour la sant\u00e9 mentale lors de la Journ\u00e9e #BellCause"},"content":{"rendered":"<p>[et_pb_section fb_built=\u00a0\u00bb1&Prime; _builder_version=\u00a0\u00bb4.16&Prime; global_colors_info=\u00a0\u00bb{}\u00a0\u00bb theme_builder_area=\u00a0\u00bbpost_content\u00a0\u00bb][et_pb_row _builder_version=\u00a0\u00bb4.16&Prime; background_size=\u00a0\u00bbinitial\u00a0\u00bb background_position=\u00a0\u00bbtop_left\u00a0\u00bb background_repeat=\u00a0\u00bbrepeat\u00a0\u00bb global_colors_info=\u00a0\u00bb{}\u00a0\u00bb theme_builder_area=\u00a0\u00bbpost_content\u00a0\u00bb][et_pb_column type=\u00a0\u00bb4_4&Prime; _builder_version=\u00a0\u00bb4.16&Prime; custom_padding=\u00a0\u00bb|||\u00a0\u00bb global_colors_info=\u00a0\u00bb{}\u00a0\u00bb custom_padding__hover=\u00a0\u00bb|||\u00a0\u00bb theme_builder_area=\u00a0\u00bbpost_content\u00a0\u00bb][et_pb_text _builder_version=\u00a0\u00bb4.16&Prime; background_size=\u00a0\u00bbinitial\u00a0\u00bb background_position=\u00a0\u00bbtop_left\u00a0\u00bb background_repeat=\u00a0\u00bbrepeat\u00a0\u00bb global_colors_info=\u00a0\u00bb{}\u00a0\u00bb theme_builder_area=\u00a0\u00bbpost_content\u00a0\u00bb]<\/p>\n<p><span style=\"font-weight: 400;\">Le 24 janvier 2024, le Centre Roberts\/Smart a particip\u00e9 \u00e0 la Journ\u00e9e Bell Cause pour la cause, <\/span><i><span style=\"font-weight: 400;\">\u00ab <\/span><\/i><i><span style=\"font-weight: 400;\">la plus grande conversation mondiale sur <\/span><\/i><i><span style=\"font-weight: 400;\">la sant\u00e9 mentale <\/span><\/i><i><span style=\"font-weight: 400;\">encourageant les Canadiens et les gens du monde entier \u00e0 parler et \u00e0 agir pour aider \u00e0 r\u00e9duire la stigmatisation et promouvoir la sensibilisation et la compr\u00e9hension afin que chacun puisse obtenir l&rsquo;aide dont il a besoin. \u00bb<\/span><\/i><i><span style=\"font-weight: 400;\">\u00a0(<\/span><\/i><strong><span style=\"text-decoration: underline;\"><a href=\"https:\/\/www.newswire.ca\/fr\/news-releases\/c-est-la-journee-bell-cause-pour-la-cause-bell-cause-pour-la-cause-met-en-lumiere-des-organismes-canadiens-en-sante-mentale-et-encourage-tout-un-chacun-a-poser-des-gestes-concrets-pour-contribuer-a-creer-de-vrais-changements-en-matiere-de-s-819678823.html\"><i>source<\/i><\/a><\/span><\/strong><i><span style=\"font-weight: 400;\">)<\/span><\/i><\/p>\n<p><span style=\"font-weight: 400;\">Le th\u00e8me de cette ann\u00e9e \u00e9tait \u00ab <strong>Cr\u00e9ons un v\u00e9ritable changement.<\/strong> \u00bb Nos jeunes et notre personnel se sont r\u00e9unis pour mettre en avant des messages inspirants et partager ce que le changement pour la sant\u00e9 mentale signifie pour eux.<\/span><\/p>\n<p><span style=\"font-weight: 400;\">Nous sommes fiers d&rsquo;avoir collabor\u00e9 avec Bell Cause pour la cause et sommes reconnaissants de leur soutien \u00e0 nos <\/span><span style=\"font-weight: 400;\">programmes pour les jeunes \u00e0 risque. Nous savons <strong>que lorsque les jeunes peuvent acc\u00e9der au soutien en sant\u00e9 mentale dont ils ont besoin et qu&rsquo;ils m\u00e9ritent, cela peut changer positivement le cours de leur vie<\/strong>.<\/span><\/p>\n<p><b>Consultez la galerie ci-dessous pour revivre la magie de la journ\u00e9e :<\/b><\/p>\n<p>[\/et_pb_text][et_pb_gallery gallery_ids=\u00a0\u00bb103545,103547,103549,103551,103553,103555,103557,103559,103561,103563,103565,103567&Prime; gallery_orderby=\u00a0\u00bbrand\u00a0\u00bb fullwidth=\u00a0\u00bbon\u00a0\u00bb _builder_version=\u00a0\u00bb4.24.1&Prime; _module_preset=\u00a0\u00bbdefault\u00a0\u00bb width=\u00a0\u00bb60%\u00a0\u00bb max_width=\u00a0\u00bb100%\u00a0\u00bb module_alignment=\u00a0\u00bbcenter\u00a0\u00bb global_colors_info=\u00a0\u00bb{}\u00a0\u00bb theme_builder_area=\u00a0\u00bbpost_content\u00a0\u00bb][\/et_pb_gallery][\/et_pb_column][\/et_pb_row][et_pb_row _builder_version=\u00a0\u00bb4.24.1&Prime; _module_preset=\u00a0\u00bbdefault\u00a0\u00bb global_colors_info=\u00a0\u00bb{}\u00a0\u00bb theme_builder_area=\u00a0\u00bbpost_content\u00a0\u00bb][et_pb_column type=\u00a0\u00bb4_4&Prime; _builder_version=\u00a0\u00bb4.24.1&Prime; _module_preset=\u00a0\u00bbdefault\u00a0\u00bb global_colors_info=\u00a0\u00bb{}\u00a0\u00bb theme_builder_area=\u00a0\u00bbpost_content\u00a0\u00bb][et_pb_image src=\u00a0\u00bbhttps:\/\/www.robertssmartcentre.com\/wp-content\/uploads\/2024\/02\/GEuLOqGWoAAbhGj.jpg\u00a0\u00bb title_text=\u00a0\u00bbGEuLOqGWoAAbhGj\u00a0\u00bb _builder_version=\u00a0\u00bb4.24.1&Prime; _module_preset=\u00a0\u00bbdefault\u00a0\u00bb global_colors_info=\u00a0\u00bb{}\u00a0\u00bb theme_builder_area=\u00a0\u00bbpost_content\u00a0\u00bb][\/et_pb_image][\/et_pb_column][\/et_pb_row][\/et_pb_section]<\/p>\n","protected":false},"excerpt":{"rendered":"<p>Le 24 janvier 2024, le Centre Roberts\/Smart a particip\u00e9 \u00e0 la Journ\u00e9e Bell Cause pour la cause, \u00ab la plus grande conversation mondiale sur la sant\u00e9 mentale encourageant les Canadiens et les gens du monde entier \u00e0 parler et \u00e0 agir pour aider \u00e0 r\u00e9duire la stigmatisation et promouvoir la sensibilisation et la compr\u00e9hension afin [&hellip;]<\/p>\n","protected":false},"author":4,"featured_media":103570,"comment_status":"closed","ping_status":"closed","sticky":false,"template":"","format":"standard","meta":{"_et_pb_use_builder":"on","_et_pb_old_content":"","_et_gb_content_width":"","inline_featured_image":false,"footnotes":""},"categories":[46,38],"tags":[],"class_list":["post-103578","post","type-post","status-publish","format-standard","has-post-thumbnail","hentry","category-blog-fr","category-non-classifiee"],"yoast_head":"<!-- This site is optimized with the Yoast SEO plugin v27.4 - https:\/\/yoast.com\/product\/yoast-seo-wordpress\/ -->\n<title>Cr\u00e9er un v\u00e9ritable changement pour la sant\u00e9 mentale lors de la Journ\u00e9e #BellCause - Roberts Smart Centre<\/title>\n<meta name=\"robots\" content=\"index, follow, max-snippet:-1, max-image-preview:large, max-video-preview:-1\" \/>\n<link rel=\"canonical\" href=\"https:\/\/www.robertssmartcentre.com\/fr\/creer-un-veritable-changement-pour-la-sante-mentale-lors-de-la-journee-bellcause\/\" \/>\n<meta property=\"og:locale\" content=\"fr_FR\" \/>\n<meta property=\"og:type\" content=\"article\" \/>\n<meta property=\"og:title\" content=\"Cr\u00e9er un v\u00e9ritable changement pour la sant\u00e9 mentale lors de la Journ\u00e9e #BellCause - Roberts Smart Centre\" \/>\n<meta property=\"og:description\" content=\"Le 24 janvier 2024, le Centre Roberts\/Smart a particip\u00e9 \u00e0 la Journ\u00e9e Bell Cause pour la cause, \u00ab la plus grande conversation mondiale sur la sant\u00e9 mentale encourageant les Canadiens et les gens du monde entier \u00e0 parler et \u00e0 agir pour aider \u00e0 r\u00e9duire la stigmatisation et promouvoir la sensibilisation et la compr\u00e9hension afin [&hellip;]\" \/>\n<meta property=\"og:url\" content=\"https:\/\/www.robertssmartcentre.com\/fr\/creer-un-veritable-changement-pour-la-sante-mentale-lors-de-la-journee-bellcause\/\" \/>\n<meta property=\"og:site_name\" content=\"Roberts Smart Centre\" \/>\n<meta property=\"article:published_time\" content=\"2024-02-21T22:43:46+00:00\" \/>\n<meta property=\"article:modified_time\" content=\"2024-02-21T22:55:59+00:00\" \/>\n<meta property=\"og:image\" content=\"https:\/\/www.robertssmartcentre.com\/wp-content\/uploads\/2024\/02\/GEuLOqGWoAAbhGj.jpg\" \/>\n\t<meta property=\"og:image:width\" content=\"1600\" \/>\n\t<meta property=\"og:image:height\" content=\"900\" \/>\n\t<meta property=\"og:image:type\" content=\"image\/jpeg\" \/>\n<meta name=\"author\" content=\"Robert Smart Centre\" \/>\n<meta name=\"twitter:card\" content=\"summary_large_image\" \/>\n<meta name=\"twitter:label1\" content=\"\u00c9crit par\" \/>\n\t<meta name=\"twitter:data1\" content=\"Robert Smart Centre\" \/>\n\t<meta name=\"twitter:label2\" content=\"Dur\u00e9e de lecture estim\u00e9e\" \/>\n\t<meta name=\"twitter:data2\" content=\"4 minutes\" \/>\n<script type=\"application\/ld+json\" class=\"yoast-schema-graph\">{\"@context\":\"https:\\\/\\\/schema.org\",\"@graph\":[{\"@type\":\"Article\",\"@id\":\"https:\\\/\\\/www.robertssmartcentre.com\\\/fr\\\/creer-un-veritable-changement-pour-la-sante-mentale-lors-de-la-journee-bellcause\\\/#article\",\"isPartOf\":{\"@id\":\"https:\\\/\\\/www.robertssmartcentre.com\\\/fr\\\/creer-un-veritable-changement-pour-la-sante-mentale-lors-de-la-journee-bellcause\\\/\"},\"author\":{\"name\":\"Robert Smart Centre\",\"@id\":\"https:\\\/\\\/www.robertssmartcentre.com\\\/#\\\/schema\\\/person\\\/045785a5c23a0b4d70335f7ea9e700e1\"},\"headline\":\"Cr\u00e9er un v\u00e9ritable changement pour la sant\u00e9 mentale lors de la Journ\u00e9e #BellCause\",\"datePublished\":\"2024-02-21T22:43:46+00:00\",\"dateModified\":\"2024-02-21T22:55:59+00:00\",\"mainEntityOfPage\":{\"@id\":\"https:\\\/\\\/www.robertssmartcentre.com\\\/fr\\\/creer-un-veritable-changement-pour-la-sante-mentale-lors-de-la-journee-bellcause\\\/\"},\"wordCount\":384,\"image\":{\"@id\":\"https:\\\/\\\/www.robertssmartcentre.com\\\/fr\\\/creer-un-veritable-changement-pour-la-sante-mentale-lors-de-la-journee-bellcause\\\/#primaryimage\"},\"thumbnailUrl\":\"https:\\\/\\\/www.robertssmartcentre.com\\\/wp-content\\\/uploads\\\/2024\\\/02\\\/GEuLOqGWoAAbhGj.jpg\",\"articleSection\":[\"Blog\",\"Non classifi\u00e9(e)\"],\"inLanguage\":\"fr-FR\"},{\"@type\":\"WebPage\",\"@id\":\"https:\\\/\\\/www.robertssmartcentre.com\\\/fr\\\/creer-un-veritable-changement-pour-la-sante-mentale-lors-de-la-journee-bellcause\\\/\",\"url\":\"https:\\\/\\\/www.robertssmartcentre.com\\\/fr\\\/creer-un-veritable-changement-pour-la-sante-mentale-lors-de-la-journee-bellcause\\\/\",\"name\":\"Cr\u00e9er un v\u00e9ritable changement pour la sant\u00e9 mentale lors de la Journ\u00e9e #BellCause - Roberts Smart Centre\",\"isPartOf\":{\"@id\":\"https:\\\/\\\/www.robertssmartcentre.com\\\/#website\"},\"primaryImageOfPage\":{\"@id\":\"https:\\\/\\\/www.robertssmartcentre.com\\\/fr\\\/creer-un-veritable-changement-pour-la-sante-mentale-lors-de-la-journee-bellcause\\\/#primaryimage\"},\"image\":{\"@id\":\"https:\\\/\\\/www.robertssmartcentre.com\\\/fr\\\/creer-un-veritable-changement-pour-la-sante-mentale-lors-de-la-journee-bellcause\\\/#primaryimage\"},\"thumbnailUrl\":\"https:\\\/\\\/www.robertssmartcentre.com\\\/wp-content\\\/uploads\\\/2024\\\/02\\\/GEuLOqGWoAAbhGj.jpg\",\"datePublished\":\"2024-02-21T22:43:46+00:00\",\"dateModified\":\"2024-02-21T22:55:59+00:00\",\"author\":{\"@id\":\"https:\\\/\\\/www.robertssmartcentre.com\\\/#\\\/schema\\\/person\\\/045785a5c23a0b4d70335f7ea9e700e1\"},\"breadcrumb\":{\"@id\":\"https:\\\/\\\/www.robertssmartcentre.com\\\/fr\\\/creer-un-veritable-changement-pour-la-sante-mentale-lors-de-la-journee-bellcause\\\/#breadcrumb\"},\"inLanguage\":\"fr-FR\",\"potentialAction\":[{\"@type\":\"ReadAction\",\"target\":[\"https:\\\/\\\/www.robertssmartcentre.com\\\/fr\\\/creer-un-veritable-changement-pour-la-sante-mentale-lors-de-la-journee-bellcause\\\/\"]}]},{\"@type\":\"ImageObject\",\"inLanguage\":\"fr-FR\",\"@id\":\"https:\\\/\\\/www.robertssmartcentre.com\\\/fr\\\/creer-un-veritable-changement-pour-la-sante-mentale-lors-de-la-journee-bellcause\\\/#primaryimage\",\"url\":\"https:\\\/\\\/www.robertssmartcentre.com\\\/wp-content\\\/uploads\\\/2024\\\/02\\\/GEuLOqGWoAAbhGj.jpg\",\"contentUrl\":\"https:\\\/\\\/www.robertssmartcentre.com\\\/wp-content\\\/uploads\\\/2024\\\/02\\\/GEuLOqGWoAAbhGj.jpg\",\"width\":1600,\"height\":900},{\"@type\":\"BreadcrumbList\",\"@id\":\"https:\\\/\\\/www.robertssmartcentre.com\\\/fr\\\/creer-un-veritable-changement-pour-la-sante-mentale-lors-de-la-journee-bellcause\\\/#breadcrumb\",\"itemListElement\":[{\"@type\":\"ListItem\",\"position\":1,\"name\":\"Home\",\"item\":\"https:\\\/\\\/www.robertssmartcentre.com\\\/fr\\\/\"},{\"@type\":\"ListItem\",\"position\":2,\"name\":\"Cr\u00e9er un v\u00e9ritable changement pour la sant\u00e9 mentale lors de la Journ\u00e9e #BellCause\"}]},{\"@type\":\"WebSite\",\"@id\":\"https:\\\/\\\/www.robertssmartcentre.com\\\/#website\",\"url\":\"https:\\\/\\\/www.robertssmartcentre.com\\\/\",\"name\":\"Roberts Smart Centre\",\"description\":\"Empowering youth, families, and communities\",\"potentialAction\":[{\"@type\":\"SearchAction\",\"target\":{\"@type\":\"EntryPoint\",\"urlTemplate\":\"https:\\\/\\\/www.robertssmartcentre.com\\\/?s={search_term_string}\"},\"query-input\":{\"@type\":\"PropertyValueSpecification\",\"valueRequired\":true,\"valueName\":\"search_term_string\"}}],\"inLanguage\":\"fr-FR\"},{\"@type\":\"Person\",\"@id\":\"https:\\\/\\\/www.robertssmartcentre.com\\\/#\\\/schema\\\/person\\\/045785a5c23a0b4d70335f7ea9e700e1\",\"name\":\"Robert Smart Centre\",\"image\":{\"@type\":\"ImageObject\",\"inLanguage\":\"fr-FR\",\"@id\":\"https:\\\/\\\/secure.gravatar.com\\\/avatar\\\/a9d39f59ee4a0be449c81c81e7b22885fb4a24873fb26dd642014c13f8929d1f?s=96&d=mm&r=g\",\"url\":\"https:\\\/\\\/secure.gravatar.com\\\/avatar\\\/a9d39f59ee4a0be449c81c81e7b22885fb4a24873fb26dd642014c13f8929d1f?s=96&d=mm&r=g\",\"contentUrl\":\"https:\\\/\\\/secure.gravatar.com\\\/avatar\\\/a9d39f59ee4a0be449c81c81e7b22885fb4a24873fb26dd642014c13f8929d1f?s=96&d=mm&r=g\",\"caption\":\"Robert Smart Centre\"},\"sameAs\":[\"https:\\\/\\\/www.robertssmartcentre.com\\\/wp-admin\"],\"url\":\"https:\\\/\\\/www.robertssmartcentre.com\\\/fr\\\/author\\\/robert-smart-centre\\\/\"}]}<\/script>\n<!-- \/ Yoast SEO plugin. -->","yoast_head_json":{"title":"Cr\u00e9er un v\u00e9ritable changement pour la sant\u00e9 mentale lors de la Journ\u00e9e #BellCause - Roberts Smart Centre","robots":{"index":"index","follow":"follow","max-snippet":"max-snippet:-1","max-image-preview":"max-image-preview:large","max-video-preview":"max-video-preview:-1"},"canonical":"https:\/\/www.robertssmartcentre.com\/fr\/creer-un-veritable-changement-pour-la-sante-mentale-lors-de-la-journee-bellcause\/","og_locale":"fr_FR","og_type":"article","og_title":"Cr\u00e9er un v\u00e9ritable changement pour la sant\u00e9 mentale lors de la Journ\u00e9e #BellCause - Roberts Smart Centre","og_description":"Le 24 janvier 2024, le Centre Roberts\/Smart a particip\u00e9 \u00e0 la Journ\u00e9e Bell Cause pour la cause, \u00ab la plus grande conversation mondiale sur la sant\u00e9 mentale encourageant les Canadiens et les gens du monde entier \u00e0 parler et \u00e0 agir pour aider \u00e0 r\u00e9duire la stigmatisation et promouvoir la sensibilisation et la compr\u00e9hension afin [&hellip;]","og_url":"https:\/\/www.robertssmartcentre.com\/fr\/creer-un-veritable-changement-pour-la-sante-mentale-lors-de-la-journee-bellcause\/","og_site_name":"Roberts Smart Centre","article_published_time":"2024-02-21T22:43:46+00:00","article_modified_time":"2024-02-21T22:55:59+00:00","og_image":[{"width":1600,"height":900,"url":"https:\/\/www.robertssmartcentre.com\/wp-content\/uploads\/2024\/02\/GEuLOqGWoAAbhGj.jpg","type":"image\/jpeg"}],"author":"Robert Smart Centre","twitter_card":"summary_large_image","twitter_misc":{"\u00c9crit par":"Robert Smart Centre","Dur\u00e9e de lecture estim\u00e9e":"4 minutes"},"schema":{"@context":"https:\/\/schema.org","@graph":[{"@type":"Article","@id":"https:\/\/www.robertssmartcentre.com\/fr\/creer-un-veritable-changement-pour-la-sante-mentale-lors-de-la-journee-bellcause\/#article","isPartOf":{"@id":"https:\/\/www.robertssmartcentre.com\/fr\/creer-un-veritable-changement-pour-la-sante-mentale-lors-de-la-journee-bellcause\/"},"author":{"name":"Robert Smart Centre","@id":"https:\/\/www.robertssmartcentre.com\/#\/schema\/person\/045785a5c23a0b4d70335f7ea9e700e1"},"headline":"Cr\u00e9er un v\u00e9ritable changement pour la sant\u00e9 mentale lors de la Journ\u00e9e #BellCause","datePublished":"2024-02-21T22:43:46+00:00","dateModified":"2024-02-21T22:55:59+00:00","mainEntityOfPage":{"@id":"https:\/\/www.robertssmartcentre.com\/fr\/creer-un-veritable-changement-pour-la-sante-mentale-lors-de-la-journee-bellcause\/"},"wordCount":384,"image":{"@id":"https:\/\/www.robertssmartcentre.com\/fr\/creer-un-veritable-changement-pour-la-sante-mentale-lors-de-la-journee-bellcause\/#primaryimage"},"thumbnailUrl":"https:\/\/www.robertssmartcentre.com\/wp-content\/uploads\/2024\/02\/GEuLOqGWoAAbhGj.jpg","articleSection":["Blog","Non classifi\u00e9(e)"],"inLanguage":"fr-FR"},{"@type":"WebPage","@id":"https:\/\/www.robertssmartcentre.com\/fr\/creer-un-veritable-changement-pour-la-sante-mentale-lors-de-la-journee-bellcause\/","url":"https:\/\/www.robertssmartcentre.com\/fr\/creer-un-veritable-changement-pour-la-sante-mentale-lors-de-la-journee-bellcause\/","name":"Cr\u00e9er un v\u00e9ritable changement pour la sant\u00e9 mentale lors de la Journ\u00e9e #BellCause - Roberts Smart Centre","isPartOf":{"@id":"https:\/\/www.robertssmartcentre.com\/#website"},"primaryImageOfPage":{"@id":"https:\/\/www.robertssmartcentre.com\/fr\/creer-un-veritable-changement-pour-la-sante-mentale-lors-de-la-journee-bellcause\/#primaryimage"},"image":{"@id":"https:\/\/www.robertssmartcentre.com\/fr\/creer-un-veritable-changement-pour-la-sante-mentale-lors-de-la-journee-bellcause\/#primaryimage"},"thumbnailUrl":"https:\/\/www.robertssmartcentre.com\/wp-content\/uploads\/2024\/02\/GEuLOqGWoAAbhGj.jpg","datePublished":"2024-02-21T22:43:46+00:00","dateModified":"2024-02-21T22:55:59+00:00","author":{"@id":"https:\/\/www.robertssmartcentre.com\/#\/schema\/person\/045785a5c23a0b4d70335f7ea9e700e1"},"breadcrumb":{"@id":"https:\/\/www.robertssmartcentre.com\/fr\/creer-un-veritable-changement-pour-la-sante-mentale-lors-de-la-journee-bellcause\/#breadcrumb"},"inLanguage":"fr-FR","potentialAction":[{"@type":"ReadAction","target":["https:\/\/www.robertssmartcentre.com\/fr\/creer-un-veritable-changement-pour-la-sante-mentale-lors-de-la-journee-bellcause\/"]}]},{"@type":"ImageObject","inLanguage":"fr-FR","@id":"https:\/\/www.robertssmartcentre.com\/fr\/creer-un-veritable-changement-pour-la-sante-mentale-lors-de-la-journee-bellcause\/#primaryimage","url":"https:\/\/www.robertssmartcentre.com\/wp-content\/uploads\/2024\/02\/GEuLOqGWoAAbhGj.jpg","contentUrl":"https:\/\/www.robertssmartcentre.com\/wp-content\/uploads\/2024\/02\/GEuLOqGWoAAbhGj.jpg","width":1600,"height":900},{"@type":"BreadcrumbList","@id":"https:\/\/www.robertssmartcentre.com\/fr\/creer-un-veritable-changement-pour-la-sante-mentale-lors-de-la-journee-bellcause\/#breadcrumb","itemListElement":[{"@type":"ListItem","position":1,"name":"Home","item":"https:\/\/www.robertssmartcentre.com\/fr\/"},{"@type":"ListItem","position":2,"name":"Cr\u00e9er un v\u00e9ritable changement pour la sant\u00e9 mentale lors de la Journ\u00e9e #BellCause"}]},{"@type":"WebSite","@id":"https:\/\/www.robertssmartcentre.com\/#website","url":"https:\/\/www.robertssmartcentre.com\/","name":"Roberts Smart Centre","description":"Empowering youth, families, and communities","potentialAction":[{"@type":"SearchAction","target":{"@type":"EntryPoint","urlTemplate":"https:\/\/www.robertssmartcentre.com\/?s={search_term_string}"},"query-input":{"@type":"PropertyValueSpecification","valueRequired":true,"valueName":"search_term_string"}}],"inLanguage":"fr-FR"},{"@type":"Person","@id":"https:\/\/www.robertssmartcentre.com\/#\/schema\/person\/045785a5c23a0b4d70335f7ea9e700e1","name":"Robert Smart Centre","image":{"@type":"ImageObject","inLanguage":"fr-FR","@id":"https:\/\/secure.gravatar.com\/avatar\/a9d39f59ee4a0be449c81c81e7b22885fb4a24873fb26dd642014c13f8929d1f?s=96&d=mm&r=g","url":"https:\/\/secure.gravatar.com\/avatar\/a9d39f59ee4a0be449c81c81e7b22885fb4a24873fb26dd642014c13f8929d1f?s=96&d=mm&r=g","contentUrl":"https:\/\/secure.gravatar.com\/avatar\/a9d39f59ee4a0be449c81c81e7b22885fb4a24873fb26dd642014c13f8929d1f?s=96&d=mm&r=g","caption":"Robert Smart Centre"},"sameAs":["https:\/\/www.robertssmartcentre.com\/wp-admin"],"url":"https:\/\/www.robertssmartcentre.com\/fr\/author\/robert-smart-centre\/"}]}},"_links":{"self":[{"href":"https:\/\/www.robertssmartcentre.com\/fr\/wp-json\/wp\/v2\/posts\/103578","targetHints":{"allow":["GET"]}}],"collection":[{"href":"https:\/\/www.robertssmartcentre.com\/fr\/wp-json\/wp\/v2\/posts"}],"about":[{"href":"https:\/\/www.robertssmartcentre.com\/fr\/wp-json\/wp\/v2\/types\/post"}],"author":[{"embeddable":true,"href":"https:\/\/www.robertssmartcentre.com\/fr\/wp-json\/wp\/v2\/users\/4"}],"replies":[{"embeddable":true,"href":"https:\/\/www.robertssmartcentre.com\/fr\/wp-json\/wp\/v2\/comments?post=103578"}],"version-history":[{"count":10,"href":"https:\/\/www.robertssmartcentre.com\/fr\/wp-json\/wp\/v2\/posts\/103578\/revisions"}],"predecessor-version":[{"id":103591,"href":"https:\/\/www.robertssmartcentre.com\/fr\/wp-json\/wp\/v2\/posts\/103578\/revisions\/103591"}],"wp:featuredmedia":[{"embeddable":true,"href":"https:\/\/www.robertssmartcentre.com\/fr\/wp-json\/wp\/v2\/media\/103570"}],"wp:attachment":[{"href":"https:\/\/www.robertssmartcentre.com\/fr\/wp-json\/wp\/v2\/media?parent=103578"}],"wp:term":[{"taxonomy":"category","embeddable":true,"href":"https:\/\/www.robertssmartcentre.com\/fr\/wp-json\/wp\/v2\/categories?post=103578"},{"taxonomy":"post_tag","embeddable":true,"href":"https:\/\/www.robertssmartcentre.com\/fr\/wp-json\/wp\/v2\/tags?post=103578"}],"curies":[{"name":"wp","href":"https:\/\/api.w.org\/{rel}","templated":true}]}}