{"id":102231,"date":"2022-10-28T17:39:31","date_gmt":"2022-10-28T21:39:31","guid":{"rendered":"https:\/\/www.robertssmartcentre.com\/2022\/10\/28\/assemblee-generale-annuelle-2021-2022\/"},"modified":"2022-11-02T11:48:42","modified_gmt":"2022-11-02T15:48:42","slug":"assemblee-generale-annuelle-2021-2022","status":"publish","type":"post","link":"https:\/\/www.robertssmartcentre.com\/fr\/assemblee-generale-annuelle-2021-2022\/","title":{"rendered":"Assembl\u00e9e g\u00e9n\u00e9rale annuelle 2021-2022"},"content":{"rendered":"<p>[et_pb_section fb_built=\u00a0\u00bb1&Prime; _builder_version=\u00a0\u00bb4.16&Prime; global_colors_info=\u00a0\u00bb{}\u00a0\u00bb theme_builder_area=\u00a0\u00bbpost_content\u00a0\u00bb][et_pb_row _builder_version=\u00a0\u00bb4.16&Prime; background_size=\u00a0\u00bbinitial\u00a0\u00bb background_position=\u00a0\u00bbtop_left\u00a0\u00bb background_repeat=\u00a0\u00bbrepeat\u00a0\u00bb global_colors_info=\u00a0\u00bb{}\u00a0\u00bb theme_builder_area=\u00a0\u00bbpost_content\u00a0\u00bb][et_pb_column type=\u00a0\u00bb4_4&Prime; _builder_version=\u00a0\u00bb4.16&Prime; custom_padding=\u00a0\u00bb|||\u00a0\u00bb global_colors_info=\u00a0\u00bb{}\u00a0\u00bb custom_padding__hover=\u00a0\u00bb|||\u00a0\u00bb theme_builder_area=\u00a0\u00bbpost_content\u00a0\u00bb][et_pb_text _builder_version=\u00a0\u00bb4.18.1&Prime; background_size=\u00a0\u00bbinitial\u00a0\u00bb background_position=\u00a0\u00bbtop_left\u00a0\u00bb background_repeat=\u00a0\u00bbrepeat\u00a0\u00bb hover_enabled=\u00a0\u00bb0&Prime; global_colors_info=\u00a0\u00bb{}\u00a0\u00bb theme_builder_area=\u00a0\u00bbpost_content\u00a0\u00bb sticky_enabled=\u00a0\u00bb0&Prime;]<\/p>\n<p>Jeudi dernier, le Centre Roberts\/Smart a tenu son AGA \u00e0 la Gallery Orange.<\/p>\n<p>L&rsquo;un des points saillants de la soir\u00e9e a \u00e9t\u00e9 le discours liminaire de l&rsquo;hon. Bernadette Cl\u00e9ment, s\u00e9natrice. Elle a parl\u00e9 avec passion de son identit\u00e9 de femme franco-ontarienne de couleur.<\/p>\n<p>Catherine Van Vliet, directrice g\u00e9n\u00e9rale du Roberts\/Smart Centre, a pr\u00e9sent\u00e9 le rapport annuel du Centre pour 2021-2022. <u><a href=\"https:\/\/www.robertssmartcentre.com\/fr\/rapport-annuel-pour-2021-2022\/\">Consultez le rapport annuel ici<\/a>.<\/u><\/p>\n<p>Quelques employ\u00e9s ont \u00e9galement re\u00e7u des prix d&rsquo;anciennet\u00e9. La liste compl\u00e8te des r\u00e9cipiendaires des prix d&rsquo;anciennet\u00e9 est disponible dans le rapport annuel.<\/p>\n<p>[\/et_pb_text][\/et_pb_column][\/et_pb_row][et_pb_row _builder_version=\u00a0\u00bb4.18.0&Prime; _module_preset=\u00a0\u00bbdefault\u00a0\u00bb global_colors_info=\u00a0\u00bb{}\u00a0\u00bb theme_builder_area=\u00a0\u00bbpost_content\u00a0\u00bb][et_pb_column type=\u00a0\u00bb4_4&Prime; _builder_version=\u00a0\u00bb4.18.0&Prime; _module_preset=\u00a0\u00bbdefault\u00a0\u00bb global_colors_info=\u00a0\u00bb{}\u00a0\u00bb theme_builder_area=\u00a0\u00bbpost_content\u00a0\u00bb][\/et_pb_column][\/et_pb_row][\/et_pb_section]<\/p>\n","protected":false},"excerpt":{"rendered":"<p>Jeudi dernier, le Centre Roberts\/Smart a tenu son AGA \u00e0 la Gallery Orange. L&rsquo;un des points saillants de la soir\u00e9e a \u00e9t\u00e9 le discours liminaire de l&rsquo;hon. Bernadette Cl\u00e9ment, s\u00e9natrice. Elle a parl\u00e9 avec passion de son identit\u00e9 de femme franco-ontarienne de couleur. Catherine Van Vliet, directrice g\u00e9n\u00e9rale du Roberts\/Smart Centre, a pr\u00e9sent\u00e9 le rapport [&hellip;]<\/p>\n","protected":false},"author":4,"featured_media":102204,"comment_status":"open","ping_status":"open","sticky":false,"template":"","format":"standard","meta":{"_et_pb_use_builder":"on","_et_pb_old_content":"<p>This past Thursday, the Roberts\/Smart Centre held its AGM at the Beautiful Orange Gallery.<\/p><p>One of the highlights of the evening was a keynote address by the Hon. Bernadette Cl\u00e9ment, Senator. She spoke passionately about her identity as a Franco-Ontarian woman of colour. \u00a0\u00a0<\/p><p>Catherine Van Vliet, Executive Director of the Roberts\/Smart Centre, presented the Centre\u2019s Annual Report for 2021-2022.\u00a0<u>View the Annual Report here<\/u>.<\/p><p>A few employees also received Long Service Awards. The full list of Long Service Award recipients is available in the Annual Report.<\/p>","_et_gb_content_width":"","inline_featured_image":false,"footnotes":""},"categories":[38],"tags":[],"class_list":["post-102231","post","type-post","status-publish","format-standard","has-post-thumbnail","hentry","category-non-classifiee"],"yoast_head":"<!-- This site is optimized with the Yoast SEO plugin v27.4 - https:\/\/yoast.com\/product\/yoast-seo-wordpress\/ -->\n<title>Assembl\u00e9e g\u00e9n\u00e9rale annuelle 2021-2022 - Roberts Smart Centre<\/title>\n<meta name=\"robots\" content=\"index, follow, max-snippet:-1, max-image-preview:large, max-video-preview:-1\" \/>\n<link rel=\"canonical\" href=\"https:\/\/www.robertssmartcentre.com\/fr\/assemblee-generale-annuelle-2021-2022\/\" \/>\n<meta property=\"og:locale\" content=\"fr_FR\" \/>\n<meta property=\"og:type\" content=\"article\" \/>\n<meta property=\"og:title\" content=\"Assembl\u00e9e g\u00e9n\u00e9rale annuelle 2021-2022 - Roberts Smart Centre\" \/>\n<meta property=\"og:description\" content=\"Jeudi dernier, le Centre Roberts\/Smart a tenu son AGA \u00e0 la Gallery Orange. L&#039;un des points saillants de la soir\u00e9e a \u00e9t\u00e9 le discours liminaire de l&#039;hon. Bernadette Cl\u00e9ment, s\u00e9natrice. Elle a parl\u00e9 avec passion de son identit\u00e9 de femme franco-ontarienne de couleur. Catherine Van Vliet, directrice g\u00e9n\u00e9rale du Roberts\/Smart Centre, a pr\u00e9sent\u00e9 le rapport [&hellip;]\" \/>\n<meta property=\"og:url\" content=\"https:\/\/www.robertssmartcentre.com\/fr\/assemblee-generale-annuelle-2021-2022\/\" \/>\n<meta property=\"og:site_name\" content=\"Roberts Smart Centre\" \/>\n<meta property=\"article:published_time\" content=\"2022-10-28T21:39:31+00:00\" \/>\n<meta property=\"article:modified_time\" content=\"2022-11-02T15:48:42+00:00\" \/>\n<meta property=\"og:image\" content=\"https:\/\/www.robertssmartcentre.com\/wp-content\/uploads\/2022\/10\/AGM-scaled.jpg\" \/>\n\t<meta property=\"og:image:width\" content=\"2560\" \/>\n\t<meta property=\"og:image:height\" content=\"2265\" \/>\n\t<meta property=\"og:image:type\" content=\"image\/jpeg\" \/>\n<meta name=\"author\" content=\"Robert Smart Centre\" \/>\n<meta name=\"twitter:card\" content=\"summary_large_image\" \/>\n<meta name=\"twitter:label1\" content=\"\u00c9crit par\" \/>\n\t<meta name=\"twitter:data1\" content=\"Robert Smart Centre\" \/>\n\t<meta name=\"twitter:label2\" content=\"Dur\u00e9e de lecture estim\u00e9e\" \/>\n\t<meta name=\"twitter:data2\" content=\"1 minute\" \/>\n<script type=\"application\/ld+json\" class=\"yoast-schema-graph\">{\"@context\":\"https:\\\/\\\/schema.org\",\"@graph\":[{\"@type\":\"Article\",\"@id\":\"https:\\\/\\\/www.robertssmartcentre.com\\\/fr\\\/assemblee-generale-annuelle-2021-2022\\\/#article\",\"isPartOf\":{\"@id\":\"https:\\\/\\\/www.robertssmartcentre.com\\\/fr\\\/assemblee-generale-annuelle-2021-2022\\\/\"},\"author\":{\"name\":\"Robert Smart Centre\",\"@id\":\"https:\\\/\\\/www.robertssmartcentre.com\\\/#\\\/schema\\\/person\\\/045785a5c23a0b4d70335f7ea9e700e1\"},\"headline\":\"Assembl\u00e9e g\u00e9n\u00e9rale annuelle 2021-2022\",\"datePublished\":\"2022-10-28T21:39:31+00:00\",\"dateModified\":\"2022-11-02T15:48:42+00:00\",\"mainEntityOfPage\":{\"@id\":\"https:\\\/\\\/www.robertssmartcentre.com\\\/fr\\\/assemblee-generale-annuelle-2021-2022\\\/\"},\"wordCount\":244,\"commentCount\":0,\"image\":{\"@id\":\"https:\\\/\\\/www.robertssmartcentre.com\\\/fr\\\/assemblee-generale-annuelle-2021-2022\\\/#primaryimage\"},\"thumbnailUrl\":\"https:\\\/\\\/www.robertssmartcentre.com\\\/wp-content\\\/uploads\\\/2022\\\/10\\\/AGM-scaled.jpg\",\"articleSection\":[\"Non classifi\u00e9(e)\"],\"inLanguage\":\"fr-FR\"},{\"@type\":\"WebPage\",\"@id\":\"https:\\\/\\\/www.robertssmartcentre.com\\\/fr\\\/assemblee-generale-annuelle-2021-2022\\\/\",\"url\":\"https:\\\/\\\/www.robertssmartcentre.com\\\/fr\\\/assemblee-generale-annuelle-2021-2022\\\/\",\"name\":\"Assembl\u00e9e g\u00e9n\u00e9rale annuelle 2021-2022 - Roberts Smart Centre\",\"isPartOf\":{\"@id\":\"https:\\\/\\\/www.robertssmartcentre.com\\\/#website\"},\"primaryImageOfPage\":{\"@id\":\"https:\\\/\\\/www.robertssmartcentre.com\\\/fr\\\/assemblee-generale-annuelle-2021-2022\\\/#primaryimage\"},\"image\":{\"@id\":\"https:\\\/\\\/www.robertssmartcentre.com\\\/fr\\\/assemblee-generale-annuelle-2021-2022\\\/#primaryimage\"},\"thumbnailUrl\":\"https:\\\/\\\/www.robertssmartcentre.com\\\/wp-content\\\/uploads\\\/2022\\\/10\\\/AGM-scaled.jpg\",\"datePublished\":\"2022-10-28T21:39:31+00:00\",\"dateModified\":\"2022-11-02T15:48:42+00:00\",\"author\":{\"@id\":\"https:\\\/\\\/www.robertssmartcentre.com\\\/#\\\/schema\\\/person\\\/045785a5c23a0b4d70335f7ea9e700e1\"},\"breadcrumb\":{\"@id\":\"https:\\\/\\\/www.robertssmartcentre.com\\\/fr\\\/assemblee-generale-annuelle-2021-2022\\\/#breadcrumb\"},\"inLanguage\":\"fr-FR\",\"potentialAction\":[{\"@type\":\"ReadAction\",\"target\":[\"https:\\\/\\\/www.robertssmartcentre.com\\\/fr\\\/assemblee-generale-annuelle-2021-2022\\\/\"]}]},{\"@type\":\"ImageObject\",\"inLanguage\":\"fr-FR\",\"@id\":\"https:\\\/\\\/www.robertssmartcentre.com\\\/fr\\\/assemblee-generale-annuelle-2021-2022\\\/#primaryimage\",\"url\":\"https:\\\/\\\/www.robertssmartcentre.com\\\/wp-content\\\/uploads\\\/2022\\\/10\\\/AGM-scaled.jpg\",\"contentUrl\":\"https:\\\/\\\/www.robertssmartcentre.com\\\/wp-content\\\/uploads\\\/2022\\\/10\\\/AGM-scaled.jpg\",\"width\":2560,\"height\":2265},{\"@type\":\"BreadcrumbList\",\"@id\":\"https:\\\/\\\/www.robertssmartcentre.com\\\/fr\\\/assemblee-generale-annuelle-2021-2022\\\/#breadcrumb\",\"itemListElement\":[{\"@type\":\"ListItem\",\"position\":1,\"name\":\"Home\",\"item\":\"https:\\\/\\\/www.robertssmartcentre.com\\\/fr\\\/\"},{\"@type\":\"ListItem\",\"position\":2,\"name\":\"Assembl\u00e9e g\u00e9n\u00e9rale annuelle 2021-2022\"}]},{\"@type\":\"WebSite\",\"@id\":\"https:\\\/\\\/www.robertssmartcentre.com\\\/#website\",\"url\":\"https:\\\/\\\/www.robertssmartcentre.com\\\/\",\"name\":\"Roberts Smart Centre\",\"description\":\"Empowering youth, families, and communities\",\"potentialAction\":[{\"@type\":\"SearchAction\",\"target\":{\"@type\":\"EntryPoint\",\"urlTemplate\":\"https:\\\/\\\/www.robertssmartcentre.com\\\/?s={search_term_string}\"},\"query-input\":{\"@type\":\"PropertyValueSpecification\",\"valueRequired\":true,\"valueName\":\"search_term_string\"}}],\"inLanguage\":\"fr-FR\"},{\"@type\":\"Person\",\"@id\":\"https:\\\/\\\/www.robertssmartcentre.com\\\/#\\\/schema\\\/person\\\/045785a5c23a0b4d70335f7ea9e700e1\",\"name\":\"Robert Smart Centre\",\"image\":{\"@type\":\"ImageObject\",\"inLanguage\":\"fr-FR\",\"@id\":\"https:\\\/\\\/secure.gravatar.com\\\/avatar\\\/a9d39f59ee4a0be449c81c81e7b22885fb4a24873fb26dd642014c13f8929d1f?s=96&d=mm&r=g\",\"url\":\"https:\\\/\\\/secure.gravatar.com\\\/avatar\\\/a9d39f59ee4a0be449c81c81e7b22885fb4a24873fb26dd642014c13f8929d1f?s=96&d=mm&r=g\",\"contentUrl\":\"https:\\\/\\\/secure.gravatar.com\\\/avatar\\\/a9d39f59ee4a0be449c81c81e7b22885fb4a24873fb26dd642014c13f8929d1f?s=96&d=mm&r=g\",\"caption\":\"Robert Smart Centre\"},\"sameAs\":[\"https:\\\/\\\/www.robertssmartcentre.com\\\/wp-admin\"],\"url\":\"https:\\\/\\\/www.robertssmartcentre.com\\\/fr\\\/author\\\/robert-smart-centre\\\/\"}]}<\/script>\n<!-- \/ Yoast SEO plugin. -->","yoast_head_json":{"title":"Assembl\u00e9e g\u00e9n\u00e9rale annuelle 2021-2022 - Roberts Smart Centre","robots":{"index":"index","follow":"follow","max-snippet":"max-snippet:-1","max-image-preview":"max-image-preview:large","max-video-preview":"max-video-preview:-1"},"canonical":"https:\/\/www.robertssmartcentre.com\/fr\/assemblee-generale-annuelle-2021-2022\/","og_locale":"fr_FR","og_type":"article","og_title":"Assembl\u00e9e g\u00e9n\u00e9rale annuelle 2021-2022 - Roberts Smart Centre","og_description":"Jeudi dernier, le Centre Roberts\/Smart a tenu son AGA \u00e0 la Gallery Orange. L'un des points saillants de la soir\u00e9e a \u00e9t\u00e9 le discours liminaire de l'hon. Bernadette Cl\u00e9ment, s\u00e9natrice. Elle a parl\u00e9 avec passion de son identit\u00e9 de femme franco-ontarienne de couleur. Catherine Van Vliet, directrice g\u00e9n\u00e9rale du Roberts\/Smart Centre, a pr\u00e9sent\u00e9 le rapport [&hellip;]","og_url":"https:\/\/www.robertssmartcentre.com\/fr\/assemblee-generale-annuelle-2021-2022\/","og_site_name":"Roberts Smart Centre","article_published_time":"2022-10-28T21:39:31+00:00","article_modified_time":"2022-11-02T15:48:42+00:00","og_image":[{"width":2560,"height":2265,"url":"https:\/\/www.robertssmartcentre.com\/wp-content\/uploads\/2022\/10\/AGM-scaled.jpg","type":"image\/jpeg"}],"author":"Robert Smart Centre","twitter_card":"summary_large_image","twitter_misc":{"\u00c9crit par":"Robert Smart Centre","Dur\u00e9e de lecture estim\u00e9e":"1 minute"},"schema":{"@context":"https:\/\/schema.org","@graph":[{"@type":"Article","@id":"https:\/\/www.robertssmartcentre.com\/fr\/assemblee-generale-annuelle-2021-2022\/#article","isPartOf":{"@id":"https:\/\/www.robertssmartcentre.com\/fr\/assemblee-generale-annuelle-2021-2022\/"},"author":{"name":"Robert Smart Centre","@id":"https:\/\/www.robertssmartcentre.com\/#\/schema\/person\/045785a5c23a0b4d70335f7ea9e700e1"},"headline":"Assembl\u00e9e g\u00e9n\u00e9rale annuelle 2021-2022","datePublished":"2022-10-28T21:39:31+00:00","dateModified":"2022-11-02T15:48:42+00:00","mainEntityOfPage":{"@id":"https:\/\/www.robertssmartcentre.com\/fr\/assemblee-generale-annuelle-2021-2022\/"},"wordCount":244,"commentCount":0,"image":{"@id":"https:\/\/www.robertssmartcentre.com\/fr\/assemblee-generale-annuelle-2021-2022\/#primaryimage"},"thumbnailUrl":"https:\/\/www.robertssmartcentre.com\/wp-content\/uploads\/2022\/10\/AGM-scaled.jpg","articleSection":["Non classifi\u00e9(e)"],"inLanguage":"fr-FR"},{"@type":"WebPage","@id":"https:\/\/www.robertssmartcentre.com\/fr\/assemblee-generale-annuelle-2021-2022\/","url":"https:\/\/www.robertssmartcentre.com\/fr\/assemblee-generale-annuelle-2021-2022\/","name":"Assembl\u00e9e g\u00e9n\u00e9rale annuelle 2021-2022 - Roberts Smart Centre","isPartOf":{"@id":"https:\/\/www.robertssmartcentre.com\/#website"},"primaryImageOfPage":{"@id":"https:\/\/www.robertssmartcentre.com\/fr\/assemblee-generale-annuelle-2021-2022\/#primaryimage"},"image":{"@id":"https:\/\/www.robertssmartcentre.com\/fr\/assemblee-generale-annuelle-2021-2022\/#primaryimage"},"thumbnailUrl":"https:\/\/www.robertssmartcentre.com\/wp-content\/uploads\/2022\/10\/AGM-scaled.jpg","datePublished":"2022-10-28T21:39:31+00:00","dateModified":"2022-11-02T15:48:42+00:00","author":{"@id":"https:\/\/www.robertssmartcentre.com\/#\/schema\/person\/045785a5c23a0b4d70335f7ea9e700e1"},"breadcrumb":{"@id":"https:\/\/www.robertssmartcentre.com\/fr\/assemblee-generale-annuelle-2021-2022\/#breadcrumb"},"inLanguage":"fr-FR","potentialAction":[{"@type":"ReadAction","target":["https:\/\/www.robertssmartcentre.com\/fr\/assemblee-generale-annuelle-2021-2022\/"]}]},{"@type":"ImageObject","inLanguage":"fr-FR","@id":"https:\/\/www.robertssmartcentre.com\/fr\/assemblee-generale-annuelle-2021-2022\/#primaryimage","url":"https:\/\/www.robertssmartcentre.com\/wp-content\/uploads\/2022\/10\/AGM-scaled.jpg","contentUrl":"https:\/\/www.robertssmartcentre.com\/wp-content\/uploads\/2022\/10\/AGM-scaled.jpg","width":2560,"height":2265},{"@type":"BreadcrumbList","@id":"https:\/\/www.robertssmartcentre.com\/fr\/assemblee-generale-annuelle-2021-2022\/#breadcrumb","itemListElement":[{"@type":"ListItem","position":1,"name":"Home","item":"https:\/\/www.robertssmartcentre.com\/fr\/"},{"@type":"ListItem","position":2,"name":"Assembl\u00e9e g\u00e9n\u00e9rale annuelle 2021-2022"}]},{"@type":"WebSite","@id":"https:\/\/www.robertssmartcentre.com\/#website","url":"https:\/\/www.robertssmartcentre.com\/","name":"Roberts Smart Centre","description":"Empowering youth, families, and communities","potentialAction":[{"@type":"SearchAction","target":{"@type":"EntryPoint","urlTemplate":"https:\/\/www.robertssmartcentre.com\/?s={search_term_string}"},"query-input":{"@type":"PropertyValueSpecification","valueRequired":true,"valueName":"search_term_string"}}],"inLanguage":"fr-FR"},{"@type":"Person","@id":"https:\/\/www.robertssmartcentre.com\/#\/schema\/person\/045785a5c23a0b4d70335f7ea9e700e1","name":"Robert Smart Centre","image":{"@type":"ImageObject","inLanguage":"fr-FR","@id":"https:\/\/secure.gravatar.com\/avatar\/a9d39f59ee4a0be449c81c81e7b22885fb4a24873fb26dd642014c13f8929d1f?s=96&d=mm&r=g","url":"https:\/\/secure.gravatar.com\/avatar\/a9d39f59ee4a0be449c81c81e7b22885fb4a24873fb26dd642014c13f8929d1f?s=96&d=mm&r=g","contentUrl":"https:\/\/secure.gravatar.com\/avatar\/a9d39f59ee4a0be449c81c81e7b22885fb4a24873fb26dd642014c13f8929d1f?s=96&d=mm&r=g","caption":"Robert Smart Centre"},"sameAs":["https:\/\/www.robertssmartcentre.com\/wp-admin"],"url":"https:\/\/www.robertssmartcentre.com\/fr\/author\/robert-smart-centre\/"}]}},"_links":{"self":[{"href":"https:\/\/www.robertssmartcentre.com\/fr\/wp-json\/wp\/v2\/posts\/102231","targetHints":{"allow":["GET"]}}],"collection":[{"href":"https:\/\/www.robertssmartcentre.com\/fr\/wp-json\/wp\/v2\/posts"}],"about":[{"href":"https:\/\/www.robertssmartcentre.com\/fr\/wp-json\/wp\/v2\/types\/post"}],"author":[{"embeddable":true,"href":"https:\/\/www.robertssmartcentre.com\/fr\/wp-json\/wp\/v2\/users\/4"}],"replies":[{"embeddable":true,"href":"https:\/\/www.robertssmartcentre.com\/fr\/wp-json\/wp\/v2\/comments?post=102231"}],"version-history":[{"count":10,"href":"https:\/\/www.robertssmartcentre.com\/fr\/wp-json\/wp\/v2\/posts\/102231\/revisions"}],"predecessor-version":[{"id":102260,"href":"https:\/\/www.robertssmartcentre.com\/fr\/wp-json\/wp\/v2\/posts\/102231\/revisions\/102260"}],"wp:featuredmedia":[{"embeddable":true,"href":"https:\/\/www.robertssmartcentre.com\/fr\/wp-json\/wp\/v2\/media\/102204"}],"wp:attachment":[{"href":"https:\/\/www.robertssmartcentre.com\/fr\/wp-json\/wp\/v2\/media?parent=102231"}],"wp:term":[{"taxonomy":"category","embeddable":true,"href":"https:\/\/www.robertssmartcentre.com\/fr\/wp-json\/wp\/v2\/categories?post=102231"},{"taxonomy":"post_tag","embeddable":true,"href":"https:\/\/www.robertssmartcentre.com\/fr\/wp-json\/wp\/v2\/tags?post=102231"}],"curies":[{"name":"wp","href":"https:\/\/api.w.org\/{rel}","templated":true}]}}